{"id":984,"date":"2014-02-14T13:27:58","date_gmt":"2014-02-14T13:27:58","guid":{"rendered":"https:\/\/www.marchemodevintage.com\/?p=984"},"modified":"2014-03-27T09:52:20","modified_gmt":"2014-03-27T09:52:20","slug":"polaroid","status":"publish","type":"post","link":"https:\/\/www.marchemodevintage.com\/en\/polaroid\/","title":{"rendered":"The Polaroid"},"content":{"rendered":"<p>&nbsp;<\/p>\n<p>Good news for the nostalgics of photographs and the neo-artists of the instant photo. At last, the former employees of the Polaroid company have in 2010 taken a small production of film-packs and updated the mythical cameras of the 1970s&#8230;Visitors better behave themselves!<\/p>\n<p>\u00a0The March\u00e9 de la Mode Vintage in Lyon doesn&#8217;t make any exceptions, with its attractive providers (Les Ateliers de Marinette &#8211; 46 Rue Saint Georges in Lyon, 69005) and its experts on nostalgia (Le Pola Cafe au Village des Createurs &#8211; 19 rue Rene Leynaud in Lyon, 69001)<\/p>\n<p>\u00a0The Polaroid is still the mythical camera of the American artists of the 70s: the transformative photos of Lucas Samaras, the photo collages of David Hockney and of course the prints and silkscreen creations of the inflexible Andy Warhol, including his self portraits.<\/p>\n<p>\u00a0These mythical cameras are finally available and cost 50\u20ac (without Andy Warhol, unfortunately) with the commercialized film costing 18\u20ac for 8 pictures.<\/p>\n<p>&nbsp;<\/p>\n<p>&nbsp;<\/p>\n","protected":false},"excerpt":{"rendered":"<p>&nbsp; Good news for the nostalgics of photographs and the neo-artists of the instant photo. At last, the former employees of the Polaroid company have [&hellip;]<\/p>\n","protected":false},"author":4,"featured_media":218,"comment_status":"open","ping_status":"closed","sticky":false,"template":"","format":"standard","meta":{"_acf_changed":false,"_jetpack_memberships_contains_paid_content":false,"footnotes":""},"categories":[27],"tags":[],"class_list":["post-984","post","type-post","status-publish","format-standard","has-post-thumbnail","hentry","category-cult-object"],"acf":[],"yoast_head":"<!-- This site is optimized with the Yoast SEO plugin v27.0 - https:\/\/yoast.com\/product\/yoast-seo-wordpress\/ -->\n<title>The Polaroid - March\u00e9 de la Mode Vintage<\/title>\n<meta name=\"robots\" content=\"index, follow, max-snippet:-1, max-image-preview:large, max-video-preview:-1\" \/>\n<link rel=\"canonical\" href=\"https:\/\/www.marchemodevintage.com\/en\/polaroid\/\" \/>\n<meta property=\"og:locale\" content=\"en_US\" \/>\n<meta property=\"og:type\" content=\"article\" \/>\n<meta property=\"og:title\" content=\"The Polaroid - March\u00e9 de la Mode Vintage\" \/>\n<meta property=\"og:description\" content=\"&nbsp; Good news for the nostalgics of photographs and the neo-artists of the instant photo. At last, the former employees of the Polaroid company have [&hellip;]\" \/>\n<meta property=\"og:url\" content=\"https:\/\/www.marchemodevintage.com\/en\/polaroid\/\" \/>\n<meta property=\"og:site_name\" content=\"March\u00e9 de la Mode Vintage\" \/>\n<meta property=\"article:author\" content=\"https:\/\/www.facebook.com\/March-de-la-Mode-Vintage-175339878334\/?ref=hl\" \/>\n<meta property=\"article:published_time\" content=\"2014-02-14T13:27:58+00:00\" \/>\n<meta property=\"article:modified_time\" content=\"2014-03-27T09:52:20+00:00\" \/>\n<meta property=\"og:image\" content=\"https:\/\/i0.wp.com\/www.marchemodevintage.com\/wp-content\/uploads\/pola-2.png?fit=590%2C357&quality=100&strip=all&ssl=1\" \/>\n\t<meta property=\"og:image:width\" content=\"590\" \/>\n\t<meta property=\"og:image:height\" content=\"357\" \/>\n\t<meta property=\"og:image:type\" content=\"image\/png\" \/>\n<meta name=\"author\" content=\"IDDART\" \/>\n<meta name=\"twitter:label1\" content=\"Written by\" \/>\n\t<meta name=\"twitter:data1\" content=\"IDDART\" \/>\n\t<meta name=\"twitter:label2\" content=\"Est. reading time\" \/>\n\t<meta name=\"twitter:data2\" content=\"1 minute\" \/>\n<!-- \/ Yoast SEO plugin. -->","yoast_head_json":{"title":"The Polaroid - March\u00e9 de la Mode Vintage","robots":{"index":"index","follow":"follow","max-snippet":"max-snippet:-1","max-image-preview":"max-image-preview:large","max-video-preview":"max-video-preview:-1"},"canonical":"https:\/\/www.marchemodevintage.com\/en\/polaroid\/","og_locale":"en_US","og_type":"article","og_title":"The Polaroid - March\u00e9 de la Mode Vintage","og_description":"&nbsp; Good news for the nostalgics of photographs and the neo-artists of the instant photo. At last, the former employees of the Polaroid company have [&hellip;]","og_url":"https:\/\/www.marchemodevintage.com\/en\/polaroid\/","og_site_name":"March\u00e9 de la Mode Vintage","article_author":"https:\/\/www.facebook.com\/March-de-la-Mode-Vintage-175339878334\/?ref=hl","article_published_time":"2014-02-14T13:27:58+00:00","article_modified_time":"2014-03-27T09:52:20+00:00","og_image":[{"width":590,"height":357,"url":"https:\/\/i0.wp.com\/www.marchemodevintage.com\/wp-content\/uploads\/pola-2.png?fit=590%2C357&quality=100&strip=all&ssl=1","type":"image\/png"}],"author":"IDDART","twitter_misc":{"Written by":"IDDART","Est. reading time":"1 minute"},"schema":{"@context":"https:\/\/schema.org","@graph":[{"@type":"Article","@id":"https:\/\/www.marchemodevintage.com\/en\/polaroid\/#article","isPartOf":{"@id":"https:\/\/www.marchemodevintage.com\/en\/polaroid\/"},"author":{"name":"IDDART","@id":"https:\/\/www.marchemodevintage.com\/#\/schema\/person\/5b83830603cc5a4f9752d960a8b6ecf5"},"headline":"The Polaroid","datePublished":"2014-02-14T13:27:58+00:00","dateModified":"2014-03-27T09:52:20+00:00","mainEntityOfPage":{"@id":"https:\/\/www.marchemodevintage.com\/en\/polaroid\/"},"wordCount":155,"commentCount":0,"image":{"@id":"https:\/\/www.marchemodevintage.com\/en\/polaroid\/#primaryimage"},"thumbnailUrl":"https:\/\/www.marchemodevintage.com\/wp-content\/uploads\/pola-2.png","articleSection":["Cult object"],"inLanguage":"en-US","potentialAction":[{"@type":"CommentAction","name":"Comment","target":["https:\/\/www.marchemodevintage.com\/en\/polaroid\/#respond"]}]},{"@type":"WebPage","@id":"https:\/\/www.marchemodevintage.com\/en\/polaroid\/","url":"https:\/\/www.marchemodevintage.com\/en\/polaroid\/","name":"The Polaroid - March\u00e9 de la Mode Vintage","isPartOf":{"@id":"https:\/\/www.marchemodevintage.com\/#website"},"primaryImageOfPage":{"@id":"https:\/\/www.marchemodevintage.com\/en\/polaroid\/#primaryimage"},"image":{"@id":"https:\/\/www.marchemodevintage.com\/en\/polaroid\/#primaryimage"},"thumbnailUrl":"https:\/\/www.marchemodevintage.com\/wp-content\/uploads\/pola-2.png","datePublished":"2014-02-14T13:27:58+00:00","dateModified":"2014-03-27T09:52:20+00:00","author":{"@id":"https:\/\/www.marchemodevintage.com\/#\/schema\/person\/5b83830603cc5a4f9752d960a8b6ecf5"},"breadcrumb":{"@id":"https:\/\/www.marchemodevintage.com\/en\/polaroid\/#breadcrumb"},"inLanguage":"en-US","potentialAction":[{"@type":"ReadAction","target":["https:\/\/www.marchemodevintage.com\/en\/polaroid\/"]}]},{"@type":"ImageObject","inLanguage":"en-US","@id":"https:\/\/www.marchemodevintage.com\/en\/polaroid\/#primaryimage","url":"https:\/\/www.marchemodevintage.com\/wp-content\/uploads\/pola-2.png","contentUrl":"https:\/\/www.marchemodevintage.com\/wp-content\/uploads\/pola-2.png","width":590,"height":357},{"@type":"BreadcrumbList","@id":"https:\/\/www.marchemodevintage.com\/en\/polaroid\/#breadcrumb","itemListElement":[{"@type":"ListItem","position":1,"name":"Home","item":"https:\/\/www.marchemodevintage.com\/en\/"},{"@type":"ListItem","position":2,"name":"The Polaroid"}]},{"@type":"WebSite","@id":"https:\/\/www.marchemodevintage.com\/#website","url":"https:\/\/www.marchemodevintage.com\/","name":"March\u00e9 de la Mode Vintage","description":"Le salon du vintage depuis 2001","potentialAction":[{"@type":"SearchAction","target":{"@type":"EntryPoint","urlTemplate":"https:\/\/www.marchemodevintage.com\/?s={search_term_string}"},"query-input":{"@type":"PropertyValueSpecification","valueRequired":true,"valueName":"search_term_string"}}],"inLanguage":"en-US"},{"@type":"Person","@id":"https:\/\/www.marchemodevintage.com\/#\/schema\/person\/5b83830603cc5a4f9752d960a8b6ecf5","name":"IDDART","sameAs":["http:\/\/www.id-dart.com","https:\/\/www.facebook.com\/March-de-la-Mode-Vintage-175339878334\/?ref=hl","https:\/\/x.com\/MarcheModVintag"]}]}},"jetpack_featured_media_url":"https:\/\/www.marchemodevintage.com\/wp-content\/uploads\/pola-2.png","jetpack_sharing_enabled":true,"jetpack_shortlink":"https:\/\/wp.me\/s9mabT-polaroid","jetpack-related-posts":[{"id":216,"url":"https:\/\/www.marchemodevintage.com\/le-pola\/","url_meta":{"origin":984,"position":0},"title":"Le pol\u00e2 \u2026","author":"Stagiaire","date":"23 August 2013","format":false,"excerpt":"Bonne nouvelle pour les nostalgiques de la photo sans attente, comme pour les n\u00e9os-artistes de la photo instantan\u00e9e, d\u2019anciens salari\u00e9s de la firme Polaro\u00efd ont repris en 2010 une petite production de film-packs pour nos appareils mythiques des ann\u00e9es 70\u2026 alors du coup, les anciens appareils reviennent au go\u00fbt du\u2026","rel":"","context":"In &quot;Objets cultes&quot;","block_context":{"text":"Objets cultes","link":"https:\/\/www.marchemodevintage.com\/objets-cultes\/"},"img":{"alt_text":"","src":"https:\/\/i0.wp.com\/www.marchemodevintage.com\/wp-content\/uploads\/pola-2.png?resize=350%2C200&quality=100&strip=all&ssl=1","width":350,"height":200,"srcset":"https:\/\/i0.wp.com\/www.marchemodevintage.com\/wp-content\/uploads\/pola-2.png?resize=350%2C200&quality=100&strip=all&ssl=1 1x, https:\/\/i0.wp.com\/www.marchemodevintage.com\/wp-content\/uploads\/pola-2.png?resize=525%2C300&quality=100&strip=all&ssl=1 1.5x"},"classes":[]},{"id":4530,"url":"https:\/\/www.marchemodevintage.com\/la-tendance-wood\/","url_meta":{"origin":984,"position":1},"title":"La Tendance WOOD","author":"Stagiaire","date":"2 October 2018","format":false,"excerpt":"Le froid arrive \u00e0 grand pas r\u00e9chauffons nous avec cette nouvelle tendance! \u00a0 \u00a0 #WOOD est le mot de la saison et le mot d'ordre du Old School Festival La tendance qui vous attend cet hiver, un esprit feu de chemin\u00e9e \u00e0 la maison sous un plaid avec un bon\u2026","rel":"","context":"In &quot;Le rendez-vous du mois&quot;","block_context":{"text":"Le rendez-vous du mois","link":"https:\/\/www.marchemodevintage.com\/rdv-du-mois\/"},"img":{"alt_text":"","src":"https:\/\/i0.wp.com\/www.marchemodevintage.com\/wp-content\/uploads\/Capture-d%E2%80%99%C3%A9cran-2018-09-27-%C3%A0-11.39.23.png?resize=350%2C200&quality=100&strip=all&ssl=1","width":350,"height":200,"srcset":"https:\/\/i0.wp.com\/www.marchemodevintage.com\/wp-content\/uploads\/Capture-d%E2%80%99%C3%A9cran-2018-09-27-%C3%A0-11.39.23.png?resize=350%2C200&quality=100&strip=all&ssl=1 1x, https:\/\/i0.wp.com\/www.marchemodevintage.com\/wp-content\/uploads\/Capture-d%E2%80%99%C3%A9cran-2018-09-27-%C3%A0-11.39.23.png?resize=525%2C300&quality=100&strip=all&ssl=1 1.5x, https:\/\/i0.wp.com\/www.marchemodevintage.com\/wp-content\/uploads\/Capture-d%E2%80%99%C3%A9cran-2018-09-27-%C3%A0-11.39.23.png?resize=700%2C400&quality=100&strip=all&ssl=1 2x"},"classes":[]},{"id":4363,"url":"https:\/\/www.marchemodevintage.com\/dress-code-style-contests\/","url_meta":{"origin":984,"position":2},"title":"Dress Code &#038; Style Contests","author":"Stagiaire","date":"30 March 2018","format":false,"excerpt":"Samedi 7 avril : \" 90's Streetstyle Contest\" Enfile ton plus beau jogging et ta paire de Air Max pour \u00eatre rep\u00e9r\u00e9 par nos stylistes et tente de gagner le MMW Award 2018! Dimanche 8 avril : \"Old School Vintage Contest\" m\u00eame r\u00e8gle pour les fans des 50's, 60's, 70's\u2026","rel":"","context":"In &quot;Le rendez-vous du mois&quot;","block_context":{"text":"Le rendez-vous du mois","link":"https:\/\/www.marchemodevintage.com\/rdv-du-mois\/"},"img":{"alt_text":"","src":"https:\/\/i0.wp.com\/www.marchemodevintage.com\/wp-content\/uploads\/b9681b58a5e6cd30aa03deb665fd9c4c.jpg?resize=350%2C200&quality=100&strip=all&ssl=1","width":350,"height":200},"classes":[]},{"id":7628,"url":"https:\/\/www.marchemodevintage.com\/exposition-mood-magazine-x-les-ateliers-de-marinette\/","url_meta":{"origin":984,"position":3},"title":"Exposition Mood Magazine x Les Ateliers de Marinette","author":"Stagiaire","date":"21 February 2022","format":false,"excerpt":"Mood Magazine, qui sont-ils ? Mood c\u2019est le nouveau webzine trimestriel lyonnais \u00e0 retrouver gratuitement sur moodmagazine.fr ! Il favorise la promotion des cr\u00e9ateurs et artisans fran\u00e7ais. Il n\u2019est ni pr\u00e9tentieux, ni tape \u00e0 l\u2019oeil. C\u2019est un magazine qui a coeur de cr\u00e9er un lien entre l\u2019artiste et le public.\u2026","rel":"","context":"In &quot;Revue&quot;","block_context":{"text":"Revue","link":"https:\/\/www.marchemodevintage.com\/revue\/"},"img":{"alt_text":"","src":"https:\/\/i0.wp.com\/www.marchemodevintage.com\/wp-content\/uploads\/mood_magazine_les_ateliers_de_marinette_fille_avec_fleurs.jpg?resize=350%2C200&quality=100&strip=all&ssl=1","width":350,"height":200,"srcset":"https:\/\/i0.wp.com\/www.marchemodevintage.com\/wp-content\/uploads\/mood_magazine_les_ateliers_de_marinette_fille_avec_fleurs.jpg?resize=350%2C200&quality=100&strip=all&ssl=1 1x, https:\/\/i0.wp.com\/www.marchemodevintage.com\/wp-content\/uploads\/mood_magazine_les_ateliers_de_marinette_fille_avec_fleurs.jpg?resize=525%2C300&quality=100&strip=all&ssl=1 1.5x, https:\/\/i0.wp.com\/www.marchemodevintage.com\/wp-content\/uploads\/mood_magazine_les_ateliers_de_marinette_fille_avec_fleurs.jpg?resize=700%2C400&quality=100&strip=all&ssl=1 2x, https:\/\/i0.wp.com\/www.marchemodevintage.com\/wp-content\/uploads\/mood_magazine_les_ateliers_de_marinette_fille_avec_fleurs.jpg?resize=1050%2C600&quality=100&strip=all&ssl=1 3x, https:\/\/i0.wp.com\/www.marchemodevintage.com\/wp-content\/uploads\/mood_magazine_les_ateliers_de_marinette_fille_avec_fleurs.jpg?resize=1400%2C800&quality=100&strip=all&ssl=1 4x"},"classes":[]},{"id":7971,"url":"https:\/\/www.marchemodevintage.com\/demandez-programme-8-9-octobre\/","url_meta":{"origin":984,"position":4},"title":"Demandez le Programme des 8 &#038; 9 octobre !","author":"Stagiaire","date":"23 September 2022","format":false,"excerpt":"Retrouvez dans le salon vos rendez-vous pr\u00e9f\u00e9r\u00e9s du MMV et plein de nouveaut\u00e9s \u2728\u00a0PROGRAMME\u00a0\u2728 \ud83d\udccd\u00a0SAMEDI 10h - Lancement avec Heimyl Music 11h - Tremplin Dj Radio Espace avec Total Salmon 12h - Lunch Time avec Heimyl Music 14h - Tremplin Dj Radio Espace avec Koffi 15h - D\u00e9fil\u00e9 des \u00e9tudiants\u2026","rel":"","context":"In &quot;actualit\u00e9s&quot;","block_context":{"text":"actualit\u00e9s","link":"https:\/\/www.marchemodevintage.com\/actualites\/"},"img":{"alt_text":"","src":"https:\/\/i0.wp.com\/www.marchemodevintage.com\/wp-content\/uploads\/4_baniere_site_22mmv_marketprod-1.jpg?resize=350%2C200&quality=100&strip=all&ssl=1","width":350,"height":200,"srcset":"https:\/\/i0.wp.com\/www.marchemodevintage.com\/wp-content\/uploads\/4_baniere_site_22mmv_marketprod-1.jpg?resize=350%2C200&quality=100&strip=all&ssl=1 1x, https:\/\/i0.wp.com\/www.marchemodevintage.com\/wp-content\/uploads\/4_baniere_site_22mmv_marketprod-1.jpg?resize=525%2C300&quality=100&strip=all&ssl=1 1.5x, https:\/\/i0.wp.com\/www.marchemodevintage.com\/wp-content\/uploads\/4_baniere_site_22mmv_marketprod-1.jpg?resize=700%2C400&quality=100&strip=all&ssl=1 2x, https:\/\/i0.wp.com\/www.marchemodevintage.com\/wp-content\/uploads\/4_baniere_site_22mmv_marketprod-1.jpg?resize=1050%2C600&quality=100&strip=all&ssl=1 3x"},"classes":[]},{"id":3011,"url":"https:\/\/www.marchemodevintage.com\/les-curieux-marche-mode-vintage-2016\/","url_meta":{"origin":984,"position":5},"title":"Les Curieux, Espace barber shop &#038; make-up","author":"IDDART","date":"27 February 2016","format":false,"excerpt":"LES CURIEUX c\u2019est avant tout un lieu pour tous ceux qui aiment et veulent savoir comment sont faites les belles choses ; conna\u00eetre l\u2019\u00e9thique des produits, s\u2019assurer du respect de l\u2019environnement et de l\u2019humain, apprendre \u00e0 utiliser des mati\u00e8res biologiques, se pr\u00e9occuper des m\u00e9thodes de production raisonn\u00e9e, partager des engagements...\u2026","rel":"","context":"In &quot;Revue&quot;","block_context":{"text":"Revue","link":"https:\/\/www.marchemodevintage.com\/revue\/"},"img":{"alt_text":"Captura de pantalla 2016-02-26 a la(s) 14.32.13","src":"https:\/\/i0.wp.com\/www.marchemodevintage.com\/wp-content\/uploads\/Captura-de-pantalla-2016-02-26-a-las-14.32.13.png?resize=350%2C200&quality=100&strip=all&ssl=1","width":350,"height":200},"classes":[]}],"_links":{"self":[{"href":"https:\/\/www.marchemodevintage.com\/en\/wp-json\/wp\/v2\/posts\/984","targetHints":{"allow":["GET"]}}],"collection":[{"href":"https:\/\/www.marchemodevintage.com\/en\/wp-json\/wp\/v2\/posts"}],"about":[{"href":"https:\/\/www.marchemodevintage.com\/en\/wp-json\/wp\/v2\/types\/post"}],"author":[{"embeddable":true,"href":"https:\/\/www.marchemodevintage.com\/en\/wp-json\/wp\/v2\/users\/4"}],"replies":[{"embeddable":true,"href":"https:\/\/www.marchemodevintage.com\/en\/wp-json\/wp\/v2\/comments?post=984"}],"version-history":[{"count":3,"href":"https:\/\/www.marchemodevintage.com\/en\/wp-json\/wp\/v2\/posts\/984\/revisions"}],"predecessor-version":[{"id":1112,"href":"https:\/\/www.marchemodevintage.com\/en\/wp-json\/wp\/v2\/posts\/984\/revisions\/1112"}],"wp:featuredmedia":[{"embeddable":true,"href":"https:\/\/www.marchemodevintage.com\/en\/wp-json\/wp\/v2\/media\/218"}],"wp:attachment":[{"href":"https:\/\/www.marchemodevintage.com\/en\/wp-json\/wp\/v2\/media?parent=984"}],"wp:term":[{"taxonomy":"category","embeddable":true,"href":"https:\/\/www.marchemodevintage.com\/en\/wp-json\/wp\/v2\/categories?post=984"},{"taxonomy":"post_tag","embeddable":true,"href":"https:\/\/www.marchemodevintage.com\/en\/wp-json\/wp\/v2\/tags?post=984"}],"curies":[{"name":"wp","href":"https:\/\/api.w.org\/{rel}","templated":true}]}}