{"id":1267,"date":"2014-05-02T12:25:01","date_gmt":"2014-05-02T12:25:01","guid":{"rendered":"https:\/\/www.marchemodevintage.com\/?p=1267"},"modified":"2014-05-02T12:25:01","modified_gmt":"2014-05-02T12:25:01","slug":"rotary-dial-phone","status":"publish","type":"post","link":"https:\/\/www.marchemodevintage.com\/en\/rotary-dial-phone\/","title":{"rendered":"The Rotary Dial Phone"},"content":{"rendered":"<p>&nbsp;<\/p>\n<p>Call like it was yesterday with the rotary dial phone!<\/p>\n<p>&nbsp;<\/p>\n<p>The rotary dial phone has no need to envy the digital phones of today. The rotary dial phone has everything: a retro and chic look, a spiral wire, bright colors and an unique clicking. As a bonus, the designer is one of the most famous American designers of the 1930&#8217;s: Henry Dreyfuss.<\/p>\n<p>&nbsp;<\/p>\n<p>These phones designed by Henry Dreyfuss became famous in the 1950&#8217;s for their longevity and their ergonomics &#8211; an investment which was placed in homes worldwide. Find the rotary dial phone and enjoy its simplicity at the next March\u00e9 de la Mode Vintage, one whose main function is to call.<\/p>\n<p>\u00a0Estimated price: 40\u20ac<\/p>\n<p>&nbsp;<\/p>\n","protected":false},"excerpt":{"rendered":"<p>&nbsp; Call like it was yesterday with the rotary dial phone! &nbsp; The rotary dial phone has no need to envy the digital phones of [&hellip;]<\/p>\n","protected":false},"author":4,"featured_media":1232,"comment_status":"open","ping_status":"closed","sticky":false,"template":"","format":"standard","meta":{"_acf_changed":false,"_jetpack_memberships_contains_paid_content":false,"footnotes":""},"categories":[27],"tags":[],"class_list":["post-1267","post","type-post","status-publish","format-standard","has-post-thumbnail","hentry","category-cult-object"],"acf":[],"yoast_head":"<!-- This site is optimized with the Yoast SEO plugin v27.0 - https:\/\/yoast.com\/product\/yoast-seo-wordpress\/ -->\n<title>The Rotary Dial Phone - March\u00e9 de la Mode Vintage<\/title>\n<meta name=\"robots\" content=\"index, follow, max-snippet:-1, max-image-preview:large, max-video-preview:-1\" \/>\n<link rel=\"canonical\" href=\"https:\/\/www.marchemodevintage.com\/en\/rotary-dial-phone\/\" \/>\n<meta property=\"og:locale\" content=\"en_US\" \/>\n<meta property=\"og:type\" content=\"article\" \/>\n<meta property=\"og:title\" content=\"The Rotary Dial Phone - March\u00e9 de la Mode Vintage\" \/>\n<meta property=\"og:description\" content=\"&nbsp; Call like it was yesterday with the rotary dial phone! &nbsp; The rotary dial phone has no need to envy the digital phones of [&hellip;]\" \/>\n<meta property=\"og:url\" content=\"https:\/\/www.marchemodevintage.com\/en\/rotary-dial-phone\/\" \/>\n<meta property=\"og:site_name\" content=\"March\u00e9 de la Mode Vintage\" \/>\n<meta property=\"article:author\" content=\"https:\/\/www.facebook.com\/March-de-la-Mode-Vintage-175339878334\/?ref=hl\" \/>\n<meta property=\"article:published_time\" content=\"2014-05-02T12:25:01+00:00\" \/>\n<meta property=\"og:image\" content=\"https:\/\/i0.wp.com\/www.marchemodevintage.com\/wp-content\/uploads\/T\u00e9l\u00e9phone-r\u00e9tro.png?fit=370%2C338&quality=100&strip=all&ssl=1\" \/>\n\t<meta property=\"og:image:width\" content=\"370\" \/>\n\t<meta property=\"og:image:height\" content=\"338\" \/>\n\t<meta property=\"og:image:type\" content=\"image\/png\" \/>\n<meta name=\"author\" content=\"IDDART\" \/>\n<meta name=\"twitter:label1\" content=\"Written by\" \/>\n\t<meta name=\"twitter:data1\" content=\"IDDART\" \/>\n\t<meta name=\"twitter:label2\" content=\"Est. reading time\" \/>\n\t<meta name=\"twitter:data2\" content=\"1 minute\" \/>\n<!-- \/ Yoast SEO plugin. -->","yoast_head_json":{"title":"The Rotary Dial Phone - March\u00e9 de la Mode Vintage","robots":{"index":"index","follow":"follow","max-snippet":"max-snippet:-1","max-image-preview":"max-image-preview:large","max-video-preview":"max-video-preview:-1"},"canonical":"https:\/\/www.marchemodevintage.com\/en\/rotary-dial-phone\/","og_locale":"en_US","og_type":"article","og_title":"The Rotary Dial Phone - March\u00e9 de la Mode Vintage","og_description":"&nbsp; Call like it was yesterday with the rotary dial phone! &nbsp; The rotary dial phone has no need to envy the digital phones of [&hellip;]","og_url":"https:\/\/www.marchemodevintage.com\/en\/rotary-dial-phone\/","og_site_name":"March\u00e9 de la Mode Vintage","article_author":"https:\/\/www.facebook.com\/March-de-la-Mode-Vintage-175339878334\/?ref=hl","article_published_time":"2014-05-02T12:25:01+00:00","og_image":[{"width":370,"height":338,"url":"https:\/\/i0.wp.com\/www.marchemodevintage.com\/wp-content\/uploads\/T\u00e9l\u00e9phone-r\u00e9tro.png?fit=370%2C338&quality=100&strip=all&ssl=1","type":"image\/png"}],"author":"IDDART","twitter_misc":{"Written by":"IDDART","Est. reading time":"1 minute"},"schema":{"@context":"https:\/\/schema.org","@graph":[{"@type":"Article","@id":"https:\/\/www.marchemodevintage.com\/en\/rotary-dial-phone\/#article","isPartOf":{"@id":"https:\/\/www.marchemodevintage.com\/en\/rotary-dial-phone\/"},"author":{"name":"IDDART","@id":"https:\/\/www.marchemodevintage.com\/#\/schema\/person\/5b83830603cc5a4f9752d960a8b6ecf5"},"headline":"The Rotary Dial Phone","datePublished":"2014-05-02T12:25:01+00:00","mainEntityOfPage":{"@id":"https:\/\/www.marchemodevintage.com\/en\/rotary-dial-phone\/"},"wordCount":122,"commentCount":0,"image":{"@id":"https:\/\/www.marchemodevintage.com\/en\/rotary-dial-phone\/#primaryimage"},"thumbnailUrl":"https:\/\/www.marchemodevintage.com\/wp-content\/uploads\/T\u00e9l\u00e9phone-r\u00e9tro.png","articleSection":["Cult object"],"inLanguage":"en-US","potentialAction":[{"@type":"CommentAction","name":"Comment","target":["https:\/\/www.marchemodevintage.com\/en\/rotary-dial-phone\/#respond"]}]},{"@type":"WebPage","@id":"https:\/\/www.marchemodevintage.com\/en\/rotary-dial-phone\/","url":"https:\/\/www.marchemodevintage.com\/en\/rotary-dial-phone\/","name":"The Rotary Dial Phone - March\u00e9 de la Mode Vintage","isPartOf":{"@id":"https:\/\/www.marchemodevintage.com\/#website"},"primaryImageOfPage":{"@id":"https:\/\/www.marchemodevintage.com\/en\/rotary-dial-phone\/#primaryimage"},"image":{"@id":"https:\/\/www.marchemodevintage.com\/en\/rotary-dial-phone\/#primaryimage"},"thumbnailUrl":"https:\/\/www.marchemodevintage.com\/wp-content\/uploads\/T\u00e9l\u00e9phone-r\u00e9tro.png","datePublished":"2014-05-02T12:25:01+00:00","author":{"@id":"https:\/\/www.marchemodevintage.com\/#\/schema\/person\/5b83830603cc5a4f9752d960a8b6ecf5"},"breadcrumb":{"@id":"https:\/\/www.marchemodevintage.com\/en\/rotary-dial-phone\/#breadcrumb"},"inLanguage":"en-US","potentialAction":[{"@type":"ReadAction","target":["https:\/\/www.marchemodevintage.com\/en\/rotary-dial-phone\/"]}]},{"@type":"ImageObject","inLanguage":"en-US","@id":"https:\/\/www.marchemodevintage.com\/en\/rotary-dial-phone\/#primaryimage","url":"https:\/\/www.marchemodevintage.com\/wp-content\/uploads\/T\u00e9l\u00e9phone-r\u00e9tro.png","contentUrl":"https:\/\/www.marchemodevintage.com\/wp-content\/uploads\/T\u00e9l\u00e9phone-r\u00e9tro.png","width":370,"height":338},{"@type":"BreadcrumbList","@id":"https:\/\/www.marchemodevintage.com\/en\/rotary-dial-phone\/#breadcrumb","itemListElement":[{"@type":"ListItem","position":1,"name":"Home","item":"https:\/\/www.marchemodevintage.com\/en\/"},{"@type":"ListItem","position":2,"name":"The Rotary Dial Phone"}]},{"@type":"WebSite","@id":"https:\/\/www.marchemodevintage.com\/#website","url":"https:\/\/www.marchemodevintage.com\/","name":"March\u00e9 de la Mode Vintage","description":"Le salon du vintage depuis 2001","potentialAction":[{"@type":"SearchAction","target":{"@type":"EntryPoint","urlTemplate":"https:\/\/www.marchemodevintage.com\/?s={search_term_string}"},"query-input":{"@type":"PropertyValueSpecification","valueRequired":true,"valueName":"search_term_string"}}],"inLanguage":"en-US"},{"@type":"Person","@id":"https:\/\/www.marchemodevintage.com\/#\/schema\/person\/5b83830603cc5a4f9752d960a8b6ecf5","name":"IDDART","sameAs":["http:\/\/www.id-dart.com","https:\/\/www.facebook.com\/March-de-la-Mode-Vintage-175339878334\/?ref=hl","https:\/\/x.com\/MarcheModVintag"]}]}},"jetpack_featured_media_url":"https:\/\/www.marchemodevintage.com\/wp-content\/uploads\/T\u00e9l\u00e9phone-r\u00e9tro.png","jetpack_sharing_enabled":true,"jetpack_shortlink":"https:\/\/wp.me\/p9mabT-kr","jetpack-related-posts":[{"id":163,"url":"https:\/\/www.marchemodevintage.com\/diana-vreeland-loeil-doit-voyager\/","url_meta":{"origin":1267,"position":0},"title":"Diana Vreeland : l\u2019\u0153il doit voyager","author":"Stagiaire","date":"22 August 2013","format":false,"excerpt":"Appel\u00e9e la \u00ab grande pr\u00eatresse de la mode \u00bb, Diana Vreeland (1903 \u2013 1989) \u00e9tait une am\u00e9ricaine originale dont l'impact sur la mode et le style sont d\u00e9sormais entr\u00e9s dans la l\u00e9gende. Devenue r\u00e9dactrice de mode au Harper\u2019s Bazar en 1936, Diana Vreeland s\u2019installe comme une visionnaire de la Mode,\u2026","rel":"","context":"In &quot;Revue&quot;","block_context":{"text":"Revue","link":"https:\/\/www.marchemodevintage.com\/revue\/"},"img":{"alt_text":"","src":"https:\/\/i0.wp.com\/www.marchemodevintage.com\/wp-content\/uploads\/d-vreeland1.png?resize=350%2C200&quality=100&strip=all&ssl=1","width":350,"height":200},"classes":[]},{"id":4530,"url":"https:\/\/www.marchemodevintage.com\/la-tendance-wood\/","url_meta":{"origin":1267,"position":1},"title":"La Tendance WOOD","author":"Stagiaire","date":"2 October 2018","format":false,"excerpt":"Le froid arrive \u00e0 grand pas r\u00e9chauffons nous avec cette nouvelle tendance! \u00a0 \u00a0 #WOOD est le mot de la saison et le mot d'ordre du Old School Festival La tendance qui vous attend cet hiver, un esprit feu de chemin\u00e9e \u00e0 la maison sous un plaid avec un bon\u2026","rel":"","context":"In &quot;Le rendez-vous du mois&quot;","block_context":{"text":"Le rendez-vous du mois","link":"https:\/\/www.marchemodevintage.com\/rdv-du-mois\/"},"img":{"alt_text":"","src":"https:\/\/i0.wp.com\/www.marchemodevintage.com\/wp-content\/uploads\/Capture-d%E2%80%99%C3%A9cran-2018-09-27-%C3%A0-11.39.23.png?resize=350%2C200&quality=100&strip=all&ssl=1","width":350,"height":200,"srcset":"https:\/\/i0.wp.com\/www.marchemodevintage.com\/wp-content\/uploads\/Capture-d%E2%80%99%C3%A9cran-2018-09-27-%C3%A0-11.39.23.png?resize=350%2C200&quality=100&strip=all&ssl=1 1x, https:\/\/i0.wp.com\/www.marchemodevintage.com\/wp-content\/uploads\/Capture-d%E2%80%99%C3%A9cran-2018-09-27-%C3%A0-11.39.23.png?resize=525%2C300&quality=100&strip=all&ssl=1 1.5x, https:\/\/i0.wp.com\/www.marchemodevintage.com\/wp-content\/uploads\/Capture-d%E2%80%99%C3%A9cran-2018-09-27-%C3%A0-11.39.23.png?resize=700%2C400&quality=100&strip=all&ssl=1 2x"},"classes":[]},{"id":4101,"url":"https:\/\/www.marchemodevintage.com\/rouge\/","url_meta":{"origin":1267,"position":2},"title":"LE rouge","author":"Stagiaire","date":"24 October 2017","format":false,"excerpt":"Sans doute l\u2019outil s\u00e9duction Number one, le rouge \u00e0 l\u00e8vres n\u2019a pas fini de faire rougir les damoiseaux. Il existe depuis la nuit des temps et s\u2019est d\u00e9mocratis\u00e9 durant la seconde guerre mondiale. Mal vu jusqu\u2019\u00e0 la fin du XIX\u00e8me si\u00e8cle, les ic\u00f4nes am\u00e9ricaines telles que Lana Turner, Lauren Bacall,\u2026","rel":"","context":"In &quot;Objets cultes&quot;","block_context":{"text":"Objets cultes","link":"https:\/\/www.marchemodevintage.com\/objets-cultes\/"},"img":{"alt_text":"","src":"https:\/\/i0.wp.com\/www.marchemodevintage.com\/wp-content\/uploads\/red-lips.jpg?resize=350%2C200&quality=100&strip=all&ssl=1","width":350,"height":200,"srcset":"https:\/\/i0.wp.com\/www.marchemodevintage.com\/wp-content\/uploads\/red-lips.jpg?resize=350%2C200&quality=100&strip=all&ssl=1 1x, https:\/\/i0.wp.com\/www.marchemodevintage.com\/wp-content\/uploads\/red-lips.jpg?resize=525%2C300&quality=100&strip=all&ssl=1 1.5x"},"classes":[]},{"id":3011,"url":"https:\/\/www.marchemodevintage.com\/les-curieux-marche-mode-vintage-2016\/","url_meta":{"origin":1267,"position":3},"title":"Les Curieux, Espace barber shop &#038; make-up","author":"IDDART","date":"27 February 2016","format":false,"excerpt":"LES CURIEUX c\u2019est avant tout un lieu pour tous ceux qui aiment et veulent savoir comment sont faites les belles choses ; conna\u00eetre l\u2019\u00e9thique des produits, s\u2019assurer du respect de l\u2019environnement et de l\u2019humain, apprendre \u00e0 utiliser des mati\u00e8res biologiques, se pr\u00e9occuper des m\u00e9thodes de production raisonn\u00e9e, partager des engagements...\u2026","rel":"","context":"In &quot;Revue&quot;","block_context":{"text":"Revue","link":"https:\/\/www.marchemodevintage.com\/revue\/"},"img":{"alt_text":"Captura de pantalla 2016-02-26 a la(s) 14.32.13","src":"https:\/\/i0.wp.com\/www.marchemodevintage.com\/wp-content\/uploads\/Captura-de-pantalla-2016-02-26-a-las-14.32.13.png?resize=350%2C200&quality=100&strip=all&ssl=1","width":350,"height":200},"classes":[]},{"id":1084,"url":"https:\/\/www.marchemodevintage.com\/le-telephone-cadran\/","url_meta":{"origin":1267,"position":4},"title":"Le T\u00e9l\u00e9phone \u00e0 cadran","author":"IDDART","date":"2 May 2014","format":false,"excerpt":"\u00a0 Le t\u00e9l\u00e9phone \u00e0 cadran \u00a0 T\u00e9l\u00e9phonez comme hier avec le t\u00e9l\u00e9phone \u00e0 cadran ! \u00a0 Il n'a rien \u00e0 envier aux t\u00e9l\u00e9phones num\u00e9riques d'aujourd'hui, le t\u00e9l\u00e9phone \u00e0 cadran a tout pour lui\u00a0: un look r\u00e9tro et chic, un fil en forme de spirale, des couleurs toniques et des bruits\u2026","rel":"","context":"In &quot;Objets cultes&quot;","block_context":{"text":"Objets cultes","link":"https:\/\/www.marchemodevintage.com\/objets-cultes\/"},"img":{"alt_text":"","src":"https:\/\/i0.wp.com\/www.marchemodevintage.com\/wp-content\/uploads\/T%C3%A9l%C3%A9phone-r%C3%A9tro.png?resize=350%2C200&quality=100&strip=all&ssl=1","width":350,"height":200},"classes":[]},{"id":7621,"url":"https:\/\/www.marchemodevintage.com\/vintage-food-court-drink\/","url_meta":{"origin":1267,"position":5},"title":"Vintage Food Court &#038; Drink","author":"Stagiaire","date":"25 February 2022","format":false,"excerpt":"Un Vintage Food Court pour \"chiller\" gourmand ! Cette ann\u00e9e encore, la vintage food court sera le lieu pour se restaurer, boire un verre et se retrouver entre amis, en famille autour de la sc\u00e8ne du Hall Happyness ! Kaffee Berlin, fid\u00e8le \u00e0 l'\u00e9v\u00e8nement a \u00e9t\u00e9 tr\u00e8s inspir\u00e9 par la\u2026","rel":"","context":"In &quot;actualit\u00e9s&quot;","block_context":{"text":"actualit\u00e9s","link":"https:\/\/www.marchemodevintage.com\/actualites\/"},"img":{"alt_text":"","src":"https:\/\/i0.wp.com\/www.marchemodevintage.com\/wp-content\/uploads\/Menu-Disco-Burger.jpg?resize=350%2C200&quality=100&strip=all&ssl=1","width":350,"height":200,"srcset":"https:\/\/i0.wp.com\/www.marchemodevintage.com\/wp-content\/uploads\/Menu-Disco-Burger.jpg?resize=350%2C200&quality=100&strip=all&ssl=1 1x, https:\/\/i0.wp.com\/www.marchemodevintage.com\/wp-content\/uploads\/Menu-Disco-Burger.jpg?resize=525%2C300&quality=100&strip=all&ssl=1 1.5x, https:\/\/i0.wp.com\/www.marchemodevintage.com\/wp-content\/uploads\/Menu-Disco-Burger.jpg?resize=700%2C400&quality=100&strip=all&ssl=1 2x, https:\/\/i0.wp.com\/www.marchemodevintage.com\/wp-content\/uploads\/Menu-Disco-Burger.jpg?resize=1050%2C600&quality=100&strip=all&ssl=1 3x"},"classes":[]}],"_links":{"self":[{"href":"https:\/\/www.marchemodevintage.com\/en\/wp-json\/wp\/v2\/posts\/1267","targetHints":{"allow":["GET"]}}],"collection":[{"href":"https:\/\/www.marchemodevintage.com\/en\/wp-json\/wp\/v2\/posts"}],"about":[{"href":"https:\/\/www.marchemodevintage.com\/en\/wp-json\/wp\/v2\/types\/post"}],"author":[{"embeddable":true,"href":"https:\/\/www.marchemodevintage.com\/en\/wp-json\/wp\/v2\/users\/4"}],"replies":[{"embeddable":true,"href":"https:\/\/www.marchemodevintage.com\/en\/wp-json\/wp\/v2\/comments?post=1267"}],"version-history":[{"count":1,"href":"https:\/\/www.marchemodevintage.com\/en\/wp-json\/wp\/v2\/posts\/1267\/revisions"}],"predecessor-version":[{"id":1268,"href":"https:\/\/www.marchemodevintage.com\/en\/wp-json\/wp\/v2\/posts\/1267\/revisions\/1268"}],"wp:featuredmedia":[{"embeddable":true,"href":"https:\/\/www.marchemodevintage.com\/en\/wp-json\/wp\/v2\/media\/1232"}],"wp:attachment":[{"href":"https:\/\/www.marchemodevintage.com\/en\/wp-json\/wp\/v2\/media?parent=1267"}],"wp:term":[{"taxonomy":"category","embeddable":true,"href":"https:\/\/www.marchemodevintage.com\/en\/wp-json\/wp\/v2\/categories?post=1267"},{"taxonomy":"post_tag","embeddable":true,"href":"https:\/\/www.marchemodevintage.com\/en\/wp-json\/wp\/v2\/tags?post=1267"}],"curies":[{"name":"wp","href":"https:\/\/api.w.org\/{rel}","templated":true}]}}